{"id":3222,"date":"2026-08-29T00:13:04","date_gmt":"2026-08-28T22:13:04","guid":{"rendered":"https:\/\/es-andreabianchini.it\/andrewsblog\/?p=3222"},"modified":"2026-08-29T00:13:04","modified_gmt":"2026-08-28T22:13:04","slug":"terra-anno-2026-82-miliardi-di-abitanti-35-miliardi-di-lavoratori-attivi","status":"publish","type":"post","link":"https:\/\/es-andreabianchini.it\/andrewsblog\/?p=3222","title":{"rendered":"Terra, anno 2026: 8,2 miliardi di abitanti, 3,5 miliardi di lavoratori attivi"},"content":{"rendered":"\n<p class=\"wp-block-paragraph\"><\/p>\n\n\n\n<p class=\"wp-block-paragraph\"><strong>Terra, anno 2026: 8,2 miliardi di abitanti, 3,5 miliardi di lavoratori attivi<\/strong><\/p>\n\n\n\n<p class=\"wp-block-paragraph\">Nel 2026 la popolazione mondiale sfiora gli 8,2 miliardi di persone. Di queste, la forza lavoro globale occupata conta circa 3,5 miliardi di individui. Dietro queste cifre imponenti si cela una delle transizioni strutturali pi\u00f9 profonde ed complesse che l&#8217;umanit\u00e0 abbia mai affrontato: un pianeta che cresce a due velocit\u00e0 demografiche e che sta ridefinendo il concetto stesso di lavoro sotto la spinta dell&#8217;automazione e della sostenibilit\u00e0.<\/p>\n\n\n\n<h3 class=\"wp-block-heading\">La spaccatura demografica globale<\/h3>\n\n\n\n<p class=\"wp-block-paragraph\">I 3,5 miliardi di lavoratori attivi non sono distribuiti in modo omogeneo, n\u00e9 per et\u00e0 n\u00e9 per geografia:<\/p>\n\n\n\n<ul class=\"wp-block-list\">\n<li><strong>Invecchiamento nelle economie avanzate:<\/strong> In Europa e in parti dell&#8217;Asia orientale (come Giappone, Corea del Sud e Cina), il tasso di dipendenza demografica sta aumentando rapidamente. Le coorti in et\u00e0 lavorativa si contraggono, ponendo enormi sfide alla sostenibilit\u00e0 dei sistemi previdenziali e sanitari.<\/li>\n\n\n\n<li><strong>Il dividendo demografico dei paesi emergenti:<\/strong> Al contrario, regioni come l&#8217;Africa subsahariana e l&#8217;Asia meridionale vedono un&#8217;esplosione di giovani che entrano nel mercato del lavoro. Tuttavia, l&#8217;assorbimento di milioni di nuovi lavoratori richiede infrastrutture, istruzione e investimenti industriali costanti per evitare sacche di disoccupazione giovanile.<\/li>\n<\/ul>\n\n\n\n<h3 class=\"wp-block-heading\">Il mercato del lavoro tra automazione e IA<\/h3>\n\n\n\n<p class=\"wp-block-paragraph\">Con circa il 42% della popolazione globale impegnato in un&#8217;attivit\u00e0 lavorativa diretta, la natura delle professioni sta cambiando pi\u00f9 velocemente della demografia stessa.<\/p>\n\n\n\n<ul class=\"wp-block-list\">\n<li><strong>La trasformazione digitale:<\/strong> L&#8217;integrazione pervasiva dell&#8217;intelligenza artificiale, della robotica e dell&#8217;automazione industriale sta riallocando le mansioni. Se da un lato si riduce la necessit\u00e0 di lavoro manifatturiero e impiegatizio di routine, dall&#8217;altro cresce la domanda di competenze ad alto valore aggiunto nei settori dell&#8217;ingegneria, dello sviluppo software, dell&#8217;analisi dati e della gestione di sistemi complessi.<\/li>\n\n\n\n<li><strong>Informale contro formale:<\/strong> Dei 3,5 miliardi di occupati, circa la met\u00e0 opera ancora nel settore informale, soprattutto nelle economie in via di sviluppo. Portare queste masse di lavoratori verso forme di impiego tutelate e digitalizzate rimane uno degli obiettivi principali dei governi globali.<\/li>\n<\/ul>\n\n\n\n<h3 class=\"wp-block-heading\">Le sfide del futuro: demografia e risorse<\/h3>\n\n\n\n<p class=\"wp-block-paragraph\">Il rapporto tra la popolazione totale (8,2 miliardi) e chi produce beni e servizi (3,5 miliardi) solleva quesiti fondamentali sul futuro dell&#8217;economia mondiale:<\/p>\n\n\n\n<ol class=\"wp-block-list\">\n<li><strong>Produttivit\u00e0 pro capite:<\/strong> Per sostenere una popolazione in crescita con una quota di lavoratori che si stabilizza nei paesi sviluppati, \u00e8 indispensabile incrementare la produttivit\u00e0 per singolo occupato attraverso la tecnologia.<\/li>\n\n\n\n<li><strong>Formazione continua (<em>Upskilling<\/em>):<\/strong> La forza lavoro esistente deve essere riqualificata per operare al fianco di tecnologie intelligenti e automatizzate.<\/li>\n\n\n\n<li><strong>Sostenibilit\u00e0 energetica e risorse:<\/strong> Un&#8217;economia globale da 3,5 miliardi di lavoratori attivi richiede una transizione energetica efficiente per garantire uno sviluppo industriale sostenibile senza compromettere gli equilibri ambientali.<\/li>\n<\/ol>\n\n\n\n<p class=\"wp-block-paragraph\">L&#8217;anno 2026 segna un punto di snodo: la sfida dei prossimi decenni non sar\u00e0 soltanto gestire la dimensione quantitativa della popolazione, ma sviluppare le competenze umane e tecnologiche necessarie per garantire stabilit\u00e0, progresso e benessere globale.<\/p>\n\n\n\n<p class=\"wp-block-paragraph\"><\/p>\n\n\n\n<p class=\"wp-block-paragraph\">Gemini 2026.<br>Andrea Bianchini 2026.<\/p>\n","protected":false},"excerpt":{"rendered":"<p>Terra, anno 2026: 8,2 miliardi di abitanti, 3,5 miliardi di lavoratori attivi Nel 2026 la popolazione mondiale sfiora gli 8,2 miliardi di persone. Di queste, la forza lavoro globale occupata conta circa 3,5 miliardi di individui. Dietro queste cifre imponenti si cela una delle transizioni strutturali pi\u00f9 profonde ed complesse che l&#8217;umanit\u00e0 abbia mai affrontato: &hellip; <a href=\"https:\/\/es-andreabianchini.it\/andrewsblog\/?p=3222\" class=\"more-link\">Leggi tutto<span class=\"screen-reader-text\"> &#8220;Terra, anno 2026: 8,2 miliardi di abitanti, 3,5 miliardi di lavoratori attivi&#8221;<\/span><\/a><\/p>\n","protected":false},"author":1,"featured_media":0,"comment_status":"closed","ping_status":"","sticky":false,"template":"","format":"standard","meta":{"footnotes":""},"categories":[13,10],"tags":[],"class_list":["post-3222","post","type-post","status-publish","format-standard","hentry","category-intelligenza-artificiale","category-opinioni"],"_links":{"self":[{"href":"https:\/\/es-andreabianchini.it\/andrewsblog\/index.php?rest_route=\/wp\/v2\/posts\/3222","targetHints":{"allow":["GET"]}}],"collection":[{"href":"https:\/\/es-andreabianchini.it\/andrewsblog\/index.php?rest_route=\/wp\/v2\/posts"}],"about":[{"href":"https:\/\/es-andreabianchini.it\/andrewsblog\/index.php?rest_route=\/wp\/v2\/types\/post"}],"author":[{"embeddable":true,"href":"https:\/\/es-andreabianchini.it\/andrewsblog\/index.php?rest_route=\/wp\/v2\/users\/1"}],"replies":[{"embeddable":true,"href":"https:\/\/es-andreabianchini.it\/andrewsblog\/index.php?rest_route=%2Fwp%2Fv2%2Fcomments&post=3222"}],"version-history":[{"count":1,"href":"https:\/\/es-andreabianchini.it\/andrewsblog\/index.php?rest_route=\/wp\/v2\/posts\/3222\/revisions"}],"predecessor-version":[{"id":3223,"href":"https:\/\/es-andreabianchini.it\/andrewsblog\/index.php?rest_route=\/wp\/v2\/posts\/3222\/revisions\/3223"}],"wp:attachment":[{"href":"https:\/\/es-andreabianchini.it\/andrewsblog\/index.php?rest_route=%2Fwp%2Fv2%2Fmedia&parent=3222"}],"wp:term":[{"taxonomy":"category","embeddable":true,"href":"https:\/\/es-andreabianchini.it\/andrewsblog\/index.php?rest_route=%2Fwp%2Fv2%2Fcategories&post=3222"},{"taxonomy":"post_tag","embeddable":true,"href":"https:\/\/es-andreabianchini.it\/andrewsblog\/index.php?rest_route=%2Fwp%2Fv2%2Ftags&post=3222"}],"curies":[{"name":"wp","href":"https:\/\/api.w.org\/{rel}","templated":true}]}}